{"id":1,"date":"2013-10-25T20:11:35","date_gmt":"2013-10-25T18:11:35","guid":{"rendered":"http:\/\/www.fricsay.hu\/?p=1"},"modified":"2013-10-26T10:05:04","modified_gmt":"2013-10-26T08:05:04","slug":"hello-vilag","status":"publish","type":"post","link":"https:\/\/www.fricsay.hu\/?p=1","title":{"rendered":"Jubileumi ki\u00e1ll\u00edt\u00e1s a Stef\u00e1nia Palota \u00e9s Honv\u00e9d Kultur\u00e1lis K\u00f6zpontban"},"content":{"rendered":"<div id=\"attachment_9\" style=\"width: 310px\" class=\"wp-caption alignleft\"><a href=\"http:\/\/www.fricsay.hu\/wp-content\/uploads\/2013\/10\/killts6.jpg\"><img aria-describedby=\"caption-attachment-9\" decoding=\"async\" loading=\"lazy\" class=\"size-medium wp-image-9 \" style=\"border: 1px solid red;\" alt=\"S\u00e1rosi P\u00e9ter eln\u00f6k\" src=\"http:\/\/www.fricsay.hu\/wp-content\/uploads\/2013\/10\/killts6-300x225.jpg\" width=\"300\" height=\"225\" srcset=\"https:\/\/www.fricsay.hu\/wp-content\/uploads\/2013\/10\/killts6-300x225.jpg 300w, https:\/\/www.fricsay.hu\/wp-content\/uploads\/2013\/10\/killts6.jpg 718w\" sizes=\"(max-width: 300px) 100vw, 300px\" \/><\/a><p id=\"caption-attachment-9\" class=\"wp-caption-text\">S\u00e1rosi P\u00e9ter eln\u00f6k<\/p><\/div>\n<p style=\"text-align: justify;\">A Magyar Honv\u00e9ds\u00e9g K\u00f6zponti Zenekar megalakul\u00e1s\u00e1nak 50. \u00e9vfordul\u00f3ja alkalm\u00e1b\u00f3l az egyes\u00fclet egy hat tabl\u00f3b\u00f3l \u00e1ll\u00f3 ki\u00e1ll\u00edt\u00e1s kivitelez\u00e9s\u00e9t \u00e9s megrendez\u00e9s\u00e9t v\u00e1llalta\u00a0fel az \u00fcnnepi alkalomb\u00f3l. A ki\u00e1ll\u00edt\u00e1s 2012. m\u00e1rcius 08. &#8211; t\u00f3l m\u00e1rcius 26.-ig\u00a0lehetett megtekinteni a Stef\u00e1nia Palota \u00e9s Honv\u00e9d Kultur\u00e1lis K\u00f6zpontban.\u00a0A tabl\u00f3kat S\u00e1rosi P\u00e9ter az egyes\u00fclet eln\u00f6ke \u00e1ll\u00edtotta \u00f6ssze.<\/p>\n<p style=\"text-align: justify;\">Az egyes\u00fclet ez\u00faton mond k\u00f6sz\u00f6netet a HM T\u00e9rk\u00e9p\u00e9szeti Nkft.-nek &#8211; k\u00fcl\u00f6n kiemelve Szentgy\u00f6rgyi Szabolcs \u00darnak &#8211; hogy az \u00fcnnepi ki\u00e1ll\u00edt\u00e1s elk\u00e9sz\u00fclhetett \u00e9s a Jubileumi koncert egyik sz\u00ednvonalas k\u00eds\u00e9r\u0151 programja lehetett.<\/p>\n","protected":false},"excerpt":{"rendered":"<p>A Magyar Honv\u00e9ds\u00e9g K\u00f6zponti Zenekar megalakul\u00e1s\u00e1nak 50. \u00e9vfordul\u00f3ja alkalm\u00e1b\u00f3l az egyes\u00fclet egy hat tabl\u00f3b\u00f3l \u00e1ll\u00f3 ki\u00e1ll\u00edt\u00e1s kivitelez\u00e9s\u00e9t \u00e9s megrendez\u00e9s\u00e9t v\u00e1llalta\u00a0fel az \u00fcnnepi alkalomb\u00f3l. A ki\u00e1ll\u00edt\u00e1s 2012. m\u00e1rcius 08. &#8211; t\u00f3l m\u00e1rcius 26.-ig\u00a0lehetett megtekinteni a Stef\u00e1nia Palota \u00e9s Honv\u00e9d Kultur\u00e1lis K\u00f6zpontban.\u00a0A &hellip; <a href=\"https:\/\/www.fricsay.hu\/?p=1\">Egy kattint\u00e1s ide a folytat\u00e1shoz&#8230;. <span class=\"meta-nav\">&rarr;<\/span><\/a><\/p>\n","protected":false},"author":1,"featured_media":0,"comment_status":"closed","ping_status":"closed","sticky":false,"template":"","format":"standard","meta":{"ngg_post_thumbnail":0},"categories":[3],"tags":[],"_links":{"self":[{"href":"https:\/\/www.fricsay.hu\/index.php?rest_route=\/wp\/v2\/posts\/1"}],"collection":[{"href":"https:\/\/www.fricsay.hu\/index.php?rest_route=\/wp\/v2\/posts"}],"about":[{"href":"https:\/\/www.fricsay.hu\/index.php?rest_route=\/wp\/v2\/types\/post"}],"author":[{"embeddable":true,"href":"https:\/\/www.fricsay.hu\/index.php?rest_route=\/wp\/v2\/users\/1"}],"replies":[{"embeddable":true,"href":"https:\/\/www.fricsay.hu\/index.php?rest_route=%2Fwp%2Fv2%2Fcomments&post=1"}],"version-history":[{"count":4,"href":"https:\/\/www.fricsay.hu\/index.php?rest_route=\/wp\/v2\/posts\/1\/revisions"}],"predecessor-version":[{"id":11,"href":"https:\/\/www.fricsay.hu\/index.php?rest_route=\/wp\/v2\/posts\/1\/revisions\/11"}],"wp:attachment":[{"href":"https:\/\/www.fricsay.hu\/index.php?rest_route=%2Fwp%2Fv2%2Fmedia&parent=1"}],"wp:term":[{"taxonomy":"category","embeddable":true,"href":"https:\/\/www.fricsay.hu\/index.php?rest_route=%2Fwp%2Fv2%2Fcategories&post=1"},{"taxonomy":"post_tag","embeddable":true,"href":"https:\/\/www.fricsay.hu\/index.php?rest_route=%2Fwp%2Fv2%2Ftags&post=1"}],"curies":[{"name":"wp","href":"https:\/\/api.w.org\/{rel}","templated":true}]}}