{"id":1058,"date":"2019-04-17T10:52:34","date_gmt":"2019-04-17T08:52:34","guid":{"rendered":"http:\/\/www.fricsay.hu\/?p=1058"},"modified":"2019-04-17T10:56:42","modified_gmt":"2019-04-17T08:56:42","slug":"magyar-katonazene-napja-2019","status":"publish","type":"post","link":"http:\/\/www.fricsay.hu\/?p=1058","title":{"rendered":"Magyar Katonazene Napja 2019"},"content":{"rendered":"<p>Kedves nyug\u00e1llom\u00e1ny\u00fa katonazen\u00e9sz koll\u00e9ga!<\/p>\n<p>Ez \u00faton is nagy szeretettel \u00e9s tisztelettel h\u00edvunk meg t\u00e9ged 2018. \u00e1prilis 25-\u00e9n tartand\u00f3 Magyar Katonazene Napja fegyvernemi \u00fcnneps\u00e9gsorozatra. A mell\u00e9kelt megh\u00edv\u00f3n l\u00e1that\u00f3 a programsorozat helysz\u00ednei \u00e9s id\u0151pontjai.<\/p>\n<p>A rendezv\u00e9nyekre a bel\u00e9p\u00e9s regisztr\u00e1ci\u00f3 k\u00f6teles, ez\u00e9rt r\u00e9szv\u00e9teli sz\u00e1nd\u00e9kodat az al\u00e1bbi telefonsz\u00e1mokon tudod bejelenteni 2019. \u00e1prilis 29. 13:00 \u00f3r\u00e1ig:<\/p>\n<p>S\u00e1rosi P\u00e9ter eln\u00f6k: +36\/20 533-5671<\/p>\n<p>Orth G\u00e1bor titk\u00e1r:\u00a0 +36\/30 202-0739<\/p>\n<p><a href=\"http:\/\/www.fricsay.hu\/wp-content\/uploads\/2019\/04\/MKN2019-rekl\u00e1m-anyag.png\"><img decoding=\"async\" loading=\"lazy\" class=\"alignnone size-large wp-image-1059\" src=\"http:\/\/www.fricsay.hu\/wp-content\/uploads\/2019\/04\/MKN2019-rekl\u00e1m-anyag-1024x910.png\" alt=\"\" width=\"640\" height=\"569\" srcset=\"http:\/\/www.fricsay.hu\/wp-content\/uploads\/2019\/04\/MKN2019-rekl\u00e1m-anyag-1024x910.png 1024w, http:\/\/www.fricsay.hu\/wp-content\/uploads\/2019\/04\/MKN2019-rekl\u00e1m-anyag-300x267.png 300w, http:\/\/www.fricsay.hu\/wp-content\/uploads\/2019\/04\/MKN2019-rekl\u00e1m-anyag-768x683.png 768w, http:\/\/www.fricsay.hu\/wp-content\/uploads\/2019\/04\/MKN2019-rekl\u00e1m-anyag.png 1594w\" sizes=\"(max-width: 640px) 100vw, 640px\" \/><\/a><\/p>\n<p><a href=\"http:\/\/www.fricsay.hu\/wp-content\/uploads\/2019\/04\/MKN-2019.-megh\u00edv\u00f3-bel\u00edv-k.jpg\"><img decoding=\"async\" loading=\"lazy\" class=\"alignnone size-large wp-image-1063\" src=\"http:\/\/www.fricsay.hu\/wp-content\/uploads\/2019\/04\/MKN-2019.-megh\u00edv\u00f3-bel\u00edv-k-1024x1024.jpg\" alt=\"\" width=\"640\" height=\"640\" srcset=\"http:\/\/www.fricsay.hu\/wp-content\/uploads\/2019\/04\/MKN-2019.-megh\u00edv\u00f3-bel\u00edv-k-1024x1024.jpg 1024w, http:\/\/www.fricsay.hu\/wp-content\/uploads\/2019\/04\/MKN-2019.-megh\u00edv\u00f3-bel\u00edv-k-150x150.jpg 150w, http:\/\/www.fricsay.hu\/wp-content\/uploads\/2019\/04\/MKN-2019.-megh\u00edv\u00f3-bel\u00edv-k-300x300.jpg 300w, http:\/\/www.fricsay.hu\/wp-content\/uploads\/2019\/04\/MKN-2019.-megh\u00edv\u00f3-bel\u00edv-k-768x768.jpg 768w\" sizes=\"(max-width: 640px) 100vw, 640px\" \/><\/a><\/p>\n","protected":false},"excerpt":{"rendered":"<p>Kedves nyug\u00e1llom\u00e1ny\u00fa katonazen\u00e9sz koll\u00e9ga! Ez \u00faton is nagy szeretettel \u00e9s tisztelettel h\u00edvunk meg t\u00e9ged 2018. \u00e1prilis 25-\u00e9n tartand\u00f3 Magyar Katonazene Napja fegyvernemi \u00fcnneps\u00e9gsorozatra. A mell\u00e9kelt megh\u00edv\u00f3n l\u00e1that\u00f3 a programsorozat helysz\u00ednei \u00e9s id\u0151pontjai. A rendezv\u00e9nyekre a bel\u00e9p\u00e9s regisztr\u00e1ci\u00f3 k\u00f6teles, ez\u00e9rt r\u00e9szv\u00e9teli &hellip; <a href=\"http:\/\/www.fricsay.hu\/?p=1058\">Egy kattint\u00e1s ide a folytat\u00e1shoz&#8230;. <span class=\"meta-nav\">&rarr;<\/span><\/a><\/p>\n","protected":false},"author":2,"featured_media":0,"comment_status":"closed","ping_status":"open","sticky":false,"template":"","format":"standard","meta":{"ngg_post_thumbnail":0},"categories":[3],"tags":[],"_links":{"self":[{"href":"http:\/\/www.fricsay.hu\/index.php?rest_route=\/wp\/v2\/posts\/1058"}],"collection":[{"href":"http:\/\/www.fricsay.hu\/index.php?rest_route=\/wp\/v2\/posts"}],"about":[{"href":"http:\/\/www.fricsay.hu\/index.php?rest_route=\/wp\/v2\/types\/post"}],"author":[{"embeddable":true,"href":"http:\/\/www.fricsay.hu\/index.php?rest_route=\/wp\/v2\/users\/2"}],"replies":[{"embeddable":true,"href":"http:\/\/www.fricsay.hu\/index.php?rest_route=%2Fwp%2Fv2%2Fcomments&post=1058"}],"version-history":[{"count":3,"href":"http:\/\/www.fricsay.hu\/index.php?rest_route=\/wp\/v2\/posts\/1058\/revisions"}],"predecessor-version":[{"id":1064,"href":"http:\/\/www.fricsay.hu\/index.php?rest_route=\/wp\/v2\/posts\/1058\/revisions\/1064"}],"wp:attachment":[{"href":"http:\/\/www.fricsay.hu\/index.php?rest_route=%2Fwp%2Fv2%2Fmedia&parent=1058"}],"wp:term":[{"taxonomy":"category","embeddable":true,"href":"http:\/\/www.fricsay.hu\/index.php?rest_route=%2Fwp%2Fv2%2Fcategories&post=1058"},{"taxonomy":"post_tag","embeddable":true,"href":"http:\/\/www.fricsay.hu\/index.php?rest_route=%2Fwp%2Fv2%2Ftags&post=1058"}],"curies":[{"name":"wp","href":"https:\/\/api.w.org\/{rel}","templated":true}]}}